{"id":1296,"date":"2024-02-14T16:42:22","date_gmt":"2024-02-14T19:42:22","guid":{"rendered":"https:\/\/klare.com.br\/home\/?p=1296"},"modified":"2024-02-14T16:42:22","modified_gmt":"2024-02-14T19:42:22","slug":"artefato-metalico-x-fratura-radicular","status":"publish","type":"post","link":"https:\/\/klare.com.br\/home\/artefato-metalico-x-fratura-radicular\/","title":{"rendered":"Artefato met\u00e1lico X Fratura radicular"},"content":{"rendered":"<p>A experi\u00eancia do radiologista para a realiza\u00e7\u00e3o desse diagn\u00f3stico diferencial \u00e9 de fundamental import\u00e2ncia. Al\u00e9m disso, o uso de tom\u00f3grafos de alta resolu\u00e7\u00e3o que<br \/>\ndiminuam a gera\u00e7\u00e3o desses artefatos na presen\u00e7a de metal tamb\u00e9m \u00e9 fundamental. Altera\u00e7\u00e3o da espessura do corte e varia\u00e7\u00e3o no brilho e contraste facilitam a<br \/>\ninterpreta\u00e7\u00e3o. No que se diz respeito \u00e0s caracter\u00edsticas das linhas de fratura, podemos observar que, em sua maioria, s\u00e3o linhas curvas nos cortes axiais e irregulares,<br \/>\ndiferentemente dos artefatos, que s\u00e3o mais retos e n\u00e3o se limitam ao dente, sendo tamb\u00e9m observada a continuidade da linha gerada pelo artefato para al\u00e9m do dente<br \/>\navaliado. Em alguns casos \u00e9 poss\u00edvel observar a presen\u00e7a de perda \u00f3ssea alveolar associada \u00e0 regi\u00e3o da linha de fratura. A perda \u00f3ssea n\u00e3o deve ser avaliada como fator<br \/>\ndecisivo para a confirma\u00e7\u00e3o do diagn\u00f3stico de fratura, visto que podem ocorrer em dentes acometidos por doen\u00e7a periodontal. A linha de fratura geralmente se encontra no<br \/>\ncentro da perda \u00f3ssea.<\/p>\n","protected":false},"excerpt":{"rendered":"<p>A experi\u00eancia do radiologista para a realiza\u00e7\u00e3o desse diagn\u00f3stico diferencial \u00e9 de fundamental import\u00e2ncia. Al\u00e9m disso, o uso de tom\u00f3grafos de alta resolu\u00e7\u00e3o que diminuam a gera\u00e7\u00e3o desses artefatos na presen\u00e7a de metal tamb\u00e9m \u00e9 fundamental. Altera\u00e7\u00e3o da espessura do corte e varia\u00e7\u00e3o no brilho e contraste facilitam a interpreta\u00e7\u00e3o. No que se diz respeito [&hellip;]<\/p>\n","protected":false},"author":1,"featured_media":1297,"comment_status":"open","ping_status":"open","sticky":false,"template":"","format":"standard","meta":{"_et_pb_use_builder":"","_et_pb_old_content":"","_et_gb_content_width":""},"categories":[1],"tags":[],"_links":{"self":[{"href":"https:\/\/klare.com.br\/home\/wp-json\/wp\/v2\/posts\/1296"}],"collection":[{"href":"https:\/\/klare.com.br\/home\/wp-json\/wp\/v2\/posts"}],"about":[{"href":"https:\/\/klare.com.br\/home\/wp-json\/wp\/v2\/types\/post"}],"author":[{"embeddable":true,"href":"https:\/\/klare.com.br\/home\/wp-json\/wp\/v2\/users\/1"}],"replies":[{"embeddable":true,"href":"https:\/\/klare.com.br\/home\/wp-json\/wp\/v2\/comments?post=1296"}],"version-history":[{"count":1,"href":"https:\/\/klare.com.br\/home\/wp-json\/wp\/v2\/posts\/1296\/revisions"}],"predecessor-version":[{"id":1298,"href":"https:\/\/klare.com.br\/home\/wp-json\/wp\/v2\/posts\/1296\/revisions\/1298"}],"wp:featuredmedia":[{"embeddable":true,"href":"https:\/\/klare.com.br\/home\/wp-json\/wp\/v2\/media\/1297"}],"wp:attachment":[{"href":"https:\/\/klare.com.br\/home\/wp-json\/wp\/v2\/media?parent=1296"}],"wp:term":[{"taxonomy":"category","embeddable":true,"href":"https:\/\/klare.com.br\/home\/wp-json\/wp\/v2\/categories?post=1296"},{"taxonomy":"post_tag","embeddable":true,"href":"https:\/\/klare.com.br\/home\/wp-json\/wp\/v2\/tags?post=1296"}],"curies":[{"name":"wp","href":"https:\/\/api.w.org\/{rel}","templated":true}]}}