{"id":1299,"date":"2025-01-13T09:19:14","date_gmt":"2025-01-13T12:19:14","guid":{"rendered":"https:\/\/klare.com.br\/home\/?p=1299"},"modified":"2025-01-13T09:33:11","modified_gmt":"2025-01-13T12:33:11","slug":"odontoma-composto","status":"publish","type":"post","link":"https:\/\/klare.com.br\/home\/odontoma-composto\/","title":{"rendered":"Odontoma Composto"},"content":{"rendered":"<p>Os odontomas, sendo os tumores odontog\u00eanicos mais prevalentes, s\u00e3o frequentemente diagnosticados durante a segunda d\u00e9cada de vida. Devido ao seu crescimento lento, comportamento benigno e car\u00e1ter assintom\u00e1tico, esses tumores t\u00eam a propens\u00e3o de permanecer intra\u00f3sseos por per\u00edodos prolongados, at\u00e9 que manifestem sinais cl\u00ednicos ou sejam identificados em exames por imagem de rotina. Os odontomas compostos s\u00e3o visualizados como uma cole\u00e7\u00e3o de estruturas assemelhadas a dentes, com variabilidade em forma e tamanho, envoltas por uma regi\u00e3o radiol\u00facida\/hipodensa. Sua imagem patognom\u00f4nica \u00e9 constitu\u00edda por dois ou mais dent\u00edculos de pequeno porte. A tomografia de alta resolu\u00e7\u00e3o \u00e9 a melhor forma de localizar um odontoma composto porque fornece imagens detalhadas dos tecidos dent\u00e1rios, \u00f3sseos e adjacentes.<br \/>\nDo ponto de vista radiogr\u00e1fico, no odontoma composto encontramos a imagem de estruturas mineralizadas que lembram dent\u00edculos, diferente da massa amorfa encontrada no tipo complexo. Microscopicamente, estruturas morfologicamente organizadas e compostas de esmalte, dentina e cemento s\u00e3o identificadas no odontoma composto, diferente das estruturas amorfas encontradas no tipo complexo. Durante as fases iniciais do seu desenvolvimento, o odontoma pode apresentar imagem microsc\u00f3pica semelhante ao fibrodentinoma amelobl\u00e1stico e fibroodontoma amelobl\u00e1stico. Apesar da similaridade microsc\u00f3pica, estudo recente do nosso grupo de pesquisa mostrou dados moleculares que refor\u00e7am a hip\u00f3tese de que nem todos esses tumores mistos representam odontomas em desenvolvimento. Tumores com apar\u00eancia microsc\u00f3pica semelhante ao fibroma amelobl\u00e1stico ou fibrodentinoma\/fibroodontoma amelobl\u00e1stico com dimens\u00f5es pequenas, localizados sobre a coroa de um dente impactado, em uma crian\u00e7a, caracter\u00edsticas marcantes dos odontoma, s\u00e3o sugestivos de odontoma em desenvolvimento. Por outro lado, les\u00f5es maiores, presentes em adultos jovens e, por vezes, recorrentes, representam provavelmente exemplos desses tumores verdadeiros.  <\/p>\n","protected":false},"excerpt":{"rendered":"<p>Os odontomas, sendo os tumores odontog\u00eanicos mais prevalentes, s\u00e3o frequentemente diagnosticados durante a segunda d\u00e9cada de vida. Devido ao seu crescimento lento, comportamento benigno e car\u00e1ter assintom\u00e1tico, esses tumores t\u00eam a propens\u00e3o de permanecer intra\u00f3sseos por per\u00edodos prolongados, at\u00e9 que manifestem sinais cl\u00ednicos ou sejam identificados em exames por imagem de rotina. Os odontomas compostos [&hellip;]<\/p>\n","protected":false},"author":1,"featured_media":1300,"comment_status":"open","ping_status":"open","sticky":false,"template":"","format":"standard","meta":{"_et_pb_use_builder":"","_et_pb_old_content":"","_et_gb_content_width":""},"categories":[1],"tags":[],"_links":{"self":[{"href":"https:\/\/klare.com.br\/home\/wp-json\/wp\/v2\/posts\/1299"}],"collection":[{"href":"https:\/\/klare.com.br\/home\/wp-json\/wp\/v2\/posts"}],"about":[{"href":"https:\/\/klare.com.br\/home\/wp-json\/wp\/v2\/types\/post"}],"author":[{"embeddable":true,"href":"https:\/\/klare.com.br\/home\/wp-json\/wp\/v2\/users\/1"}],"replies":[{"embeddable":true,"href":"https:\/\/klare.com.br\/home\/wp-json\/wp\/v2\/comments?post=1299"}],"version-history":[{"count":1,"href":"https:\/\/klare.com.br\/home\/wp-json\/wp\/v2\/posts\/1299\/revisions"}],"predecessor-version":[{"id":1301,"href":"https:\/\/klare.com.br\/home\/wp-json\/wp\/v2\/posts\/1299\/revisions\/1301"}],"wp:featuredmedia":[{"embeddable":true,"href":"https:\/\/klare.com.br\/home\/wp-json\/wp\/v2\/media\/1300"}],"wp:attachment":[{"href":"https:\/\/klare.com.br\/home\/wp-json\/wp\/v2\/media?parent=1299"}],"wp:term":[{"taxonomy":"category","embeddable":true,"href":"https:\/\/klare.com.br\/home\/wp-json\/wp\/v2\/categories?post=1299"},{"taxonomy":"post_tag","embeddable":true,"href":"https:\/\/klare.com.br\/home\/wp-json\/wp\/v2\/tags?post=1299"}],"curies":[{"name":"wp","href":"https:\/\/api.w.org\/{rel}","templated":true}]}}