{"id":1305,"date":"2025-01-13T09:28:18","date_gmt":"2025-01-13T12:28:18","guid":{"rendered":"https:\/\/klare.com.br\/home\/?p=1305"},"modified":"2025-01-13T09:28:18","modified_gmt":"2025-01-13T12:28:18","slug":"o-que-e-pseudocisto-de-retencao-mucoso","status":"publish","type":"post","link":"https:\/\/klare.com.br\/home\/o-que-e-pseudocisto-de-retencao-mucoso\/","title":{"rendered":"O que \u00e9 Pseudocisto de Reten\u00e7\u00e3o Mucoso?"},"content":{"rendered":"<p>O que \u00e9 Pseudocisto de Reten\u00e7\u00e3o Mucoso?<br \/>\n\u00c9 uma les\u00e3o benigna, comum nos seios maxilares. Aparecem nos exames por imagem como \u00e1reas radiopacas\/hiperdensas, em forma de c\u00fapula, tendo como base o assoalho do seio maxilar. Geralmente descobertos por exames de rotina e, na maioria das vezes, assintom\u00e1ticos. O tratamento indicado \u00e9 apenas o acompanhamento e monitoramento da sua evolu\u00e7\u00e3o cl\u00ednica, pois trata-se de uma les\u00e3o benigna que regride de forma espont\u00e2nea.<\/p>\n<p>Formato e Densidade:<\/p>\n<p>Geralmente aparece como uma \u00e1rea homog\u00eanea, de contorno bem definido, com densidade maior que o ar circundante, mas menor que a de tecidos mais densos. \u00c9 frequentemente localizado na parede inferior do seio maxilar.<\/p>\n<p>Estrutura \u00d3ssea:<\/p>\n<p>Em suma, a TCFC mostra que o pseudocisto raramente causa altera\u00e7\u00f5es na estrutura \u00f3ssea adjacente, o que o diferencia de les\u00f5es mais agressivas que podem apresentar eros\u00e3o \u00f3ssea ou remodela\u00e7\u00e3o.<\/p>\n<p>Aspecto Radiopaco:<\/p>\n<p>Al\u00e9m disso, em compara\u00e7\u00e3o com a mucosa normal do seio, o pseudocisto se destaca por sua radiopacidade. Este aspecto \u00e9 uma das caracter\u00edsticas que facilita sua identifica\u00e7\u00e3o em exames tomogr\u00e1ficos, especialmente em pacientes assintom\u00e1ticos.<\/p>\n<p>Portanto, a TCFC \u00e9 superior \u00e0 radiografia convencional para diferenciar o pseudocisto de outras les\u00f5es sinusais, como mucoceles e processos inflamat\u00f3rios, pois permite a visualiza\u00e7\u00e3o da les\u00e3o em cortes axiais, coronais e sagitais, oferecendo uma compreens\u00e3o mais completa da extens\u00e3o e da natureza da les\u00e3o.<\/p>\n","protected":false},"excerpt":{"rendered":"<p>O que \u00e9 Pseudocisto de Reten\u00e7\u00e3o Mucoso? \u00c9 uma les\u00e3o benigna, comum nos seios maxilares. Aparecem nos exames por imagem como \u00e1reas radiopacas\/hiperdensas, em forma de c\u00fapula, tendo como base o assoalho do seio maxilar. Geralmente descobertos por exames de rotina e, na maioria das vezes, assintom\u00e1ticos. O tratamento indicado \u00e9 apenas o acompanhamento e [&hellip;]<\/p>\n","protected":false},"author":1,"featured_media":1306,"comment_status":"open","ping_status":"open","sticky":false,"template":"","format":"standard","meta":{"_et_pb_use_builder":"","_et_pb_old_content":"","_et_gb_content_width":""},"categories":[1],"tags":[],"_links":{"self":[{"href":"https:\/\/klare.com.br\/home\/wp-json\/wp\/v2\/posts\/1305"}],"collection":[{"href":"https:\/\/klare.com.br\/home\/wp-json\/wp\/v2\/posts"}],"about":[{"href":"https:\/\/klare.com.br\/home\/wp-json\/wp\/v2\/types\/post"}],"author":[{"embeddable":true,"href":"https:\/\/klare.com.br\/home\/wp-json\/wp\/v2\/users\/1"}],"replies":[{"embeddable":true,"href":"https:\/\/klare.com.br\/home\/wp-json\/wp\/v2\/comments?post=1305"}],"version-history":[{"count":1,"href":"https:\/\/klare.com.br\/home\/wp-json\/wp\/v2\/posts\/1305\/revisions"}],"predecessor-version":[{"id":1307,"href":"https:\/\/klare.com.br\/home\/wp-json\/wp\/v2\/posts\/1305\/revisions\/1307"}],"wp:featuredmedia":[{"embeddable":true,"href":"https:\/\/klare.com.br\/home\/wp-json\/wp\/v2\/media\/1306"}],"wp:attachment":[{"href":"https:\/\/klare.com.br\/home\/wp-json\/wp\/v2\/media?parent=1305"}],"wp:term":[{"taxonomy":"category","embeddable":true,"href":"https:\/\/klare.com.br\/home\/wp-json\/wp\/v2\/categories?post=1305"},{"taxonomy":"post_tag","embeddable":true,"href":"https:\/\/klare.com.br\/home\/wp-json\/wp\/v2\/tags?post=1305"}],"curies":[{"name":"wp","href":"https:\/\/api.w.org\/{rel}","templated":true}]}}