{"id":486,"date":"2019-07-25T10:41:23","date_gmt":"2019-07-25T13:41:23","guid":{"rendered":"http:\/\/klare.com.br\/home\/?p=486"},"modified":"2019-08-08T11:04:52","modified_gmt":"2019-08-08T14:04:52","slug":"indicacoes-de-radiografias-periapicais","status":"publish","type":"post","link":"https:\/\/klare.com.br\/home\/indicacoes-de-radiografias-periapicais\/","title":{"rendered":"Indica\u00e7\u00f5es de radiografias periapicais"},"content":{"rendered":"<p>[et_pb_section fb_built=&#8221;1&#8243; _builder_version=&#8221;3.26.3&#8243;][et_pb_row _builder_version=&#8221;3.26.3&#8243;][et_pb_column type=&#8221;4_4&#8243; _builder_version=&#8221;3.26.3&#8243;][et_pb_text _builder_version=&#8221;3.26.3&#8243;]<\/p>\n<p><span style=\"font-weight: 400;\">As principais indica\u00e7\u00f5es das radiografias periapicais s\u00e3o as seguintes:<\/span><\/p>\n<p><span style=\"font-weight: 400;\">1-Observa\u00e7\u00e3o de infec\u00e7\u00e3o\/inflama\u00e7\u00e3o apical (foco na ponta da raiz)<\/span><\/p>\n<p><span style=\"font-weight: 400;\">2-Avalia\u00e7\u00e3o periodontal<\/span><\/p>\n<p><span style=\"font-weight: 400;\">3-Avalia\u00e7\u00e3o p\u00f3s-traum\u00e1tica dos dentes e do osso alveolar<\/span><\/p>\n<p><span style=\"font-weight: 400;\">4-Avalia\u00e7\u00e3o da presen\u00e7a e do posicionamento de dentes n\u00e3o-irrompidos<\/span><\/p>\n<p><span style=\"font-weight: 400;\">5-Avalia\u00e7\u00e3o da morfologia radicular antes das extra\u00e7\u00f5es<\/span><\/p>\n<p><span style=\"font-weight: 400;\">6-Procedimentos endod\u00f4nticos (tratamento de canal)<\/span><\/p>\n<p><span style=\"font-weight: 400;\">7-Avalia\u00e7\u00e3o pr\u00e9 e p\u00f3s-operat\u00f3ria de cirurgias apicais<\/span><\/p>\n<p><span style=\"font-weight: 400;\">8-Avalia\u00e7\u00e3o minuciosa de cistos apicais e outras les\u00f5es no osso alveolar<\/span><\/p>\n<p><span style=\"font-weight: 400;\">9-Avalia\u00e7\u00e3o p\u00f3s-operat\u00f3ria de implantes.<\/span><\/p>\n<p>[\/et_pb_text][\/et_pb_column][\/et_pb_row][\/et_pb_section]<\/p>\n","protected":false},"excerpt":{"rendered":"<p>As principais indica\u00e7\u00f5es das radiografias periapicais s\u00e3o as seguintes: 1-Observa\u00e7\u00e3o de infec\u00e7\u00e3o\/inflama\u00e7\u00e3o apical (foco na ponta da raiz) 2-Avalia\u00e7\u00e3o periodontal 3-Avalia\u00e7\u00e3o p\u00f3s-traum\u00e1tica dos dentes e do osso alveolar 4-Avalia\u00e7\u00e3o da presen\u00e7a e do posicionamento de dentes n\u00e3o-irrompidos 5-Avalia\u00e7\u00e3o da morfologia radicular antes das extra\u00e7\u00f5es 6-Procedimentos endod\u00f4nticos (tratamento de canal) 7-Avalia\u00e7\u00e3o pr\u00e9 e p\u00f3s-operat\u00f3ria de cirurgias [&hellip;]<\/p>\n","protected":false},"author":1,"featured_media":724,"comment_status":"open","ping_status":"open","sticky":false,"template":"","format":"standard","meta":{"_et_pb_use_builder":"on","_et_pb_old_content":"","_et_gb_content_width":""},"categories":[3],"tags":[],"_links":{"self":[{"href":"https:\/\/klare.com.br\/home\/wp-json\/wp\/v2\/posts\/486"}],"collection":[{"href":"https:\/\/klare.com.br\/home\/wp-json\/wp\/v2\/posts"}],"about":[{"href":"https:\/\/klare.com.br\/home\/wp-json\/wp\/v2\/types\/post"}],"author":[{"embeddable":true,"href":"https:\/\/klare.com.br\/home\/wp-json\/wp\/v2\/users\/1"}],"replies":[{"embeddable":true,"href":"https:\/\/klare.com.br\/home\/wp-json\/wp\/v2\/comments?post=486"}],"version-history":[{"count":3,"href":"https:\/\/klare.com.br\/home\/wp-json\/wp\/v2\/posts\/486\/revisions"}],"predecessor-version":[{"id":723,"href":"https:\/\/klare.com.br\/home\/wp-json\/wp\/v2\/posts\/486\/revisions\/723"}],"wp:featuredmedia":[{"embeddable":true,"href":"https:\/\/klare.com.br\/home\/wp-json\/wp\/v2\/media\/724"}],"wp:attachment":[{"href":"https:\/\/klare.com.br\/home\/wp-json\/wp\/v2\/media?parent=486"}],"wp:term":[{"taxonomy":"category","embeddable":true,"href":"https:\/\/klare.com.br\/home\/wp-json\/wp\/v2\/categories?post=486"},{"taxonomy":"post_tag","embeddable":true,"href":"https:\/\/klare.com.br\/home\/wp-json\/wp\/v2\/tags?post=486"}],"curies":[{"name":"wp","href":"https:\/\/api.w.org\/{rel}","templated":true}]}}