{"id":491,"date":"2019-07-25T10:44:33","date_gmt":"2019-07-25T13:44:33","guid":{"rendered":"http:\/\/klare.com.br\/home\/?p=491"},"modified":"2019-08-08T10:52:10","modified_gmt":"2019-08-08T13:52:10","slug":"desvantagens-da-radiografia-panoramica","status":"publish","type":"post","link":"https:\/\/klare.com.br\/home\/desvantagens-da-radiografia-panoramica\/","title":{"rendered":"Desvantagens da Radiografia Panor\u00e2mica"},"content":{"rendered":"<p>[et_pb_section fb_built=&#8221;1&#8243; _builder_version=&#8221;3.26.3&#8243;][et_pb_row _builder_version=&#8221;3.26.3&#8243;][et_pb_column type=&#8221;4_4&#8243; _builder_version=&#8221;3.26.3&#8243;][et_pb_text _builder_version=&#8221;3.26.3&#8243;]<\/p>\n<p><span style=\"font-weight: 400;\">A principal desvantagem da radiografia panor\u00e2mica \u00e9 que as imagens n\u00e3o apresentam um detalhe das estruturas anat\u00f4micas t\u00e3o bom quanto das radiografias periapicais intra-orais (o exame de levantamento periapical completo \u00e9 mais detalhado). Portanto, as radiografias panor\u00e2micas n\u00e3o s\u00e3o t\u00e3o \u00fateis quanto as radiografias periapicais para a detec\u00e7\u00e3o de pequenas c\u00e1ries, detalhes das estruturas periodontais para diagn\u00f3stico de periodontite. Tem algumas superf\u00edcies tamb\u00e9m se sobrep\u00f5em como dos dentes pr\u00e9-molares.<\/span><\/p>\n<p><span style=\"font-weight: 400;\">Logo, a disponibilidade da radiografia panor\u00e2mica em paciente adulto normalmente n\u00e3o exclui a necessidade de radiografias intraorais para diagn\u00f3stico de patologias bucais mais comuns anteriormente citadas.<\/span><\/p>\n<p><span style=\"font-weight: 400;\">Outros problemas associados a panor\u00e2mica incluem amplia\u00e7\u00e3o desigual e distor\u00e7\u00e3o geom\u00e9trica ao longo da imagem. Ocasionalmente, a presen\u00e7a de estruturas sobrepostas, como a coluna cervical pode mascarar les\u00f5es odontog\u00eanicas, particularmente na regi\u00e3o de incisivos. Al\u00e9m disso, objetos clinicamente importantes podem estar situados fora do plano focal (plano de corte) e podem aparecer distorcidos ou n\u00e3o aparecer.<\/span><\/p>\n<p>[\/et_pb_text][\/et_pb_column][\/et_pb_row][\/et_pb_section]<\/p>\n","protected":false},"excerpt":{"rendered":"<p>A principal desvantagem da radiografia panor\u00e2mica \u00e9 que as imagens n\u00e3o apresentam um detalhe das estruturas anat\u00f4micas t\u00e3o bom quanto das radiografias periapicais intra-orais (o exame de levantamento periapical completo \u00e9 mais detalhado). Portanto, as radiografias panor\u00e2micas n\u00e3o s\u00e3o t\u00e3o \u00fateis quanto as radiografias periapicais para a detec\u00e7\u00e3o de pequenas c\u00e1ries, detalhes das estruturas periodontais [&hellip;]<\/p>\n","protected":false},"author":1,"featured_media":260,"comment_status":"open","ping_status":"open","sticky":false,"template":"","format":"standard","meta":{"_et_pb_use_builder":"on","_et_pb_old_content":"","_et_gb_content_width":""},"categories":[3],"tags":[],"_links":{"self":[{"href":"https:\/\/klare.com.br\/home\/wp-json\/wp\/v2\/posts\/491"}],"collection":[{"href":"https:\/\/klare.com.br\/home\/wp-json\/wp\/v2\/posts"}],"about":[{"href":"https:\/\/klare.com.br\/home\/wp-json\/wp\/v2\/types\/post"}],"author":[{"embeddable":true,"href":"https:\/\/klare.com.br\/home\/wp-json\/wp\/v2\/users\/1"}],"replies":[{"embeddable":true,"href":"https:\/\/klare.com.br\/home\/wp-json\/wp\/v2\/comments?post=491"}],"version-history":[{"count":3,"href":"https:\/\/klare.com.br\/home\/wp-json\/wp\/v2\/posts\/491\/revisions"}],"predecessor-version":[{"id":722,"href":"https:\/\/klare.com.br\/home\/wp-json\/wp\/v2\/posts\/491\/revisions\/722"}],"wp:featuredmedia":[{"embeddable":true,"href":"https:\/\/klare.com.br\/home\/wp-json\/wp\/v2\/media\/260"}],"wp:attachment":[{"href":"https:\/\/klare.com.br\/home\/wp-json\/wp\/v2\/media?parent=491"}],"wp:term":[{"taxonomy":"category","embeddable":true,"href":"https:\/\/klare.com.br\/home\/wp-json\/wp\/v2\/categories?post=491"},{"taxonomy":"post_tag","embeddable":true,"href":"https:\/\/klare.com.br\/home\/wp-json\/wp\/v2\/tags?post=491"}],"curies":[{"name":"wp","href":"https:\/\/api.w.org\/{rel}","templated":true}]}}