{"id":501,"date":"2019-07-25T10:52:56","date_gmt":"2019-07-25T13:52:56","guid":{"rendered":"http:\/\/klare.com.br\/home\/?p=501"},"modified":"2019-07-25T10:53:02","modified_gmt":"2019-07-25T13:53:02","slug":"exame-panoramico","status":"publish","type":"post","link":"https:\/\/klare.com.br\/home\/exame-panoramico\/","title":{"rendered":"Exame panor\u00e2mico"},"content":{"rendered":"<p>[et_pb_section fb_built=&#8221;1&#8243; _builder_version=&#8221;3.26.3&#8243;][et_pb_row _builder_version=&#8221;3.26.3&#8243;][et_pb_column _builder_version=&#8221;3.26.3&#8243; type=&#8221;4_4&#8243;][et_pb_text _builder_version=&#8221;3.26.3&#8243;]<\/p>\n<p><span style=\"font-weight: 400;\">A radiografia panor\u00e2mica inclui ambos arcos dent\u00e1rios, superior e inferior, e suas estruturas de suporte. Ela \u00e9 muito utilizada como imagem inicial de uma avalia\u00e7\u00e3o por ter uma visualiza\u00e7\u00e3o adequada e poder indicar, se necess\u00e1rio outro tipo de exame.<\/span><\/p>\n<p><span style=\"font-weight: 400;\">As principais vantagens desse tipo de radiografia s\u00e3o as seguintes:<\/span><\/p>\n<p><span style=\"font-weight: 400;\">-Ampla visibilidade dos ossos da face e dentes<\/span><\/p>\n<p><span style=\"font-weight: 400;\">-Baixa dose de radia\u00e7\u00e3o ao paciente<\/span><\/p>\n<p><span style=\"font-weight: 400;\">-N\u00e3o causa dano ao paciente<\/span><\/p>\n<p><span style=\"font-weight: 400;\">-Possibilidade de ser realizada em pacientes com dificuldades de abertura bucal<\/span><\/p>\n<p><span style=\"font-weight: 400;\">-Curto tempo de realiza\u00e7\u00e3o<\/span><\/p>\n<p><span style=\"font-weight: 400;\">-Facilidade de compreens\u00e3o das radiografias pelo paciente, auxiliando na apresenta\u00e7\u00e3o do diagn\u00f3stico e tratamento ao paciente.<\/span><\/p>\n<p><span style=\"font-weight: 400;\">Ela \u00e9 mais \u00fatil para diagn\u00f3stico de problemas que requerem ampla visualiza\u00e7\u00e3o da arcada superior (por exemplo, localiza\u00e7\u00e3o de siso, traumatismo, les\u00f5es,etc).<\/span><\/p>\n<p>[\/et_pb_text][\/et_pb_column][\/et_pb_row][\/et_pb_section]<\/p>\n","protected":false},"excerpt":{"rendered":"<p>A radiografia panor\u00e2mica inclui ambos arcos dent\u00e1rios, superior e inferior, e suas estruturas de suporte. Ela \u00e9 muito utilizada como imagem inicial de uma avalia\u00e7\u00e3o por ter uma visualiza\u00e7\u00e3o adequada e poder indicar, se necess\u00e1rio outro tipo de exame. As principais vantagens desse tipo de radiografia s\u00e3o as seguintes: -Ampla visibilidade dos ossos da face [&hellip;]<\/p>\n","protected":false},"author":1,"featured_media":504,"comment_status":"open","ping_status":"open","sticky":false,"template":"","format":"standard","meta":{"_et_pb_use_builder":"on","_et_pb_old_content":"","_et_gb_content_width":""},"categories":[3],"tags":[],"_links":{"self":[{"href":"https:\/\/klare.com.br\/home\/wp-json\/wp\/v2\/posts\/501"}],"collection":[{"href":"https:\/\/klare.com.br\/home\/wp-json\/wp\/v2\/posts"}],"about":[{"href":"https:\/\/klare.com.br\/home\/wp-json\/wp\/v2\/types\/post"}],"author":[{"embeddable":true,"href":"https:\/\/klare.com.br\/home\/wp-json\/wp\/v2\/users\/1"}],"replies":[{"embeddable":true,"href":"https:\/\/klare.com.br\/home\/wp-json\/wp\/v2\/comments?post=501"}],"version-history":[{"count":2,"href":"https:\/\/klare.com.br\/home\/wp-json\/wp\/v2\/posts\/501\/revisions"}],"predecessor-version":[{"id":505,"href":"https:\/\/klare.com.br\/home\/wp-json\/wp\/v2\/posts\/501\/revisions\/505"}],"wp:featuredmedia":[{"embeddable":true,"href":"https:\/\/klare.com.br\/home\/wp-json\/wp\/v2\/media\/504"}],"wp:attachment":[{"href":"https:\/\/klare.com.br\/home\/wp-json\/wp\/v2\/media?parent=501"}],"wp:term":[{"taxonomy":"category","embeddable":true,"href":"https:\/\/klare.com.br\/home\/wp-json\/wp\/v2\/categories?post=501"},{"taxonomy":"post_tag","embeddable":true,"href":"https:\/\/klare.com.br\/home\/wp-json\/wp\/v2\/tags?post=501"}],"curies":[{"name":"wp","href":"https:\/\/api.w.org\/{rel}","templated":true}]}}