{"id":516,"date":"2019-07-25T11:05:56","date_gmt":"2019-07-25T14:05:56","guid":{"rendered":"http:\/\/klare.com.br\/home\/?p=516"},"modified":"2019-07-25T11:06:20","modified_gmt":"2019-07-25T14:06:20","slug":"radiografia-panoramica-em-criancas","status":"publish","type":"post","link":"https:\/\/klare.com.br\/home\/radiografia-panoramica-em-criancas\/","title":{"rendered":"Radiografia Panor\u00e2mica em Crian\u00e7as"},"content":{"rendered":"<p>[et_pb_section fb_built=&#8221;1&#8243; _builder_version=&#8221;3.26.3&#8243;][et_pb_row _builder_version=&#8221;3.26.3&#8243;][et_pb_column _builder_version=&#8221;3.26.3&#8243; type=&#8221;4_4&#8243;][et_pb_text _builder_version=&#8221;3.26.3&#8243;]<\/p>\n<p><span style=\"font-weight: 400;\">A radiografia panor\u00e2mica \u00e9 uma t\u00e9cnica radiogr\u00e1fica caracterizada pela utiliza\u00e7\u00e3o de princ\u00edpios radiogr\u00e1ficos para englobar o complexo maxilo-mandibular, fornecendo um meio extenso para visualizar e analisar os dentes e as estruturas de suporte em um \u00fanico filme radiogr\u00e1fico. A imagem panor\u00e2mica \u00e9 especialmente importante em crian\u00e7as na fase da troca de dentes, pois a avalia\u00e7\u00e3o da posi\u00e7\u00e3o e do est\u00e1gio de desenvolvimento intra-\u00f3sseo dos germes dos dentes permanentes permite a identifica\u00e7\u00e3o dos desvios no padr\u00e3o normal de erup\u00e7\u00e3o, que podem ocasionar desordens na oclus\u00e3o. Grande parte dos casos de maloclus\u00e3o tem sua origem na \u00e9poca de dentadura mista e a interven\u00e7\u00e3o ortod\u00f4ntica nessa fase aumentam as possibilidades de se direcionar o crescimento e de se guiar a oclus\u00e3o, eliminando ou diminuindo a severidade dos problemas ortod\u00f4nticos no futuro. A visualiza\u00e7\u00e3o dos fatores etiol\u00f3gicos locais das maloclus\u00f5es na radiografia panor\u00e2mica auxilia o cl\u00ednico geral, o odontopediatra e o ortodontista a obter um diagn\u00f3stico precoce para o planejamento de procedimentos ortod\u00f4nticos preventivos, com o objetivo de manter a integridade da arcada dent\u00e1ria e o bom desenvolvimento da oclus\u00e3o.<\/span><\/p>\n<p>[\/et_pb_text][\/et_pb_column][\/et_pb_row][\/et_pb_section]<\/p>\n","protected":false},"excerpt":{"rendered":"<p>A radiografia panor\u00e2mica \u00e9 uma t\u00e9cnica radiogr\u00e1fica caracterizada pela utiliza\u00e7\u00e3o de princ\u00edpios radiogr\u00e1ficos para englobar o complexo maxilo-mandibular, fornecendo um meio extenso para visualizar e analisar os dentes e as estruturas de suporte em um \u00fanico filme radiogr\u00e1fico. A imagem panor\u00e2mica \u00e9 especialmente importante em crian\u00e7as na fase da troca de dentes, pois a avalia\u00e7\u00e3o [&hellip;]<\/p>\n","protected":false},"author":1,"featured_media":519,"comment_status":"open","ping_status":"open","sticky":false,"template":"","format":"standard","meta":{"_et_pb_use_builder":"on","_et_pb_old_content":"","_et_gb_content_width":""},"categories":[3],"tags":[],"_links":{"self":[{"href":"https:\/\/klare.com.br\/home\/wp-json\/wp\/v2\/posts\/516"}],"collection":[{"href":"https:\/\/klare.com.br\/home\/wp-json\/wp\/v2\/posts"}],"about":[{"href":"https:\/\/klare.com.br\/home\/wp-json\/wp\/v2\/types\/post"}],"author":[{"embeddable":true,"href":"https:\/\/klare.com.br\/home\/wp-json\/wp\/v2\/users\/1"}],"replies":[{"embeddable":true,"href":"https:\/\/klare.com.br\/home\/wp-json\/wp\/v2\/comments?post=516"}],"version-history":[{"count":2,"href":"https:\/\/klare.com.br\/home\/wp-json\/wp\/v2\/posts\/516\/revisions"}],"predecessor-version":[{"id":520,"href":"https:\/\/klare.com.br\/home\/wp-json\/wp\/v2\/posts\/516\/revisions\/520"}],"wp:featuredmedia":[{"embeddable":true,"href":"https:\/\/klare.com.br\/home\/wp-json\/wp\/v2\/media\/519"}],"wp:attachment":[{"href":"https:\/\/klare.com.br\/home\/wp-json\/wp\/v2\/media?parent=516"}],"wp:term":[{"taxonomy":"category","embeddable":true,"href":"https:\/\/klare.com.br\/home\/wp-json\/wp\/v2\/categories?post=516"},{"taxonomy":"post_tag","embeddable":true,"href":"https:\/\/klare.com.br\/home\/wp-json\/wp\/v2\/tags?post=516"}],"curies":[{"name":"wp","href":"https:\/\/api.w.org\/{rel}","templated":true}]}}